[{"@context":"https:\/\/schema.org\/","@type":"Article","@id":"https:\/\/www.certnakoze.cz\/i-v-lete-pod-perinou\/#Article","mainEntityOfPage":"https:\/\/www.certnakoze.cz\/i-v-lete-pod-perinou\/","headline":"I v l\u00e9t\u011b pod pe\u0159inou","name":"I v l\u00e9t\u011b pod pe\u0159inou","description":"Je celkem p\u0159irozen\u00e9 a logick\u00e9, \u017ee kdy\u017e je zima, tak se \u010dlov\u011bk r\u00e1d p\u0159ikryje teplou dekou nebo po\u0159\u00e1dnou pe\u0159inou. Ale v l\u00e9t\u011b? Kdy\u017e jsou p\u0159\u00edli\u0161 [&hellip;]","datePublished":"2021-01-03","dateModified":"2023-09-18","author":{"@type":"Person","@id":"https:\/\/www.certnakoze.cz\/author\/devene\/#Person","name":"devene","url":"https:\/\/www.certnakoze.cz\/author\/devene\/","identifier":1,"image":{"@type":"ImageObject","@id":"https:\/\/secure.gravatar.com\/avatar\/40308b9402d145b1dc164f447b6506e9dadca8c8362c3ffb52df95e789c0fd10?s=96&d=mm&r=g","url":"https:\/\/secure.gravatar.com\/avatar\/40308b9402d145b1dc164f447b6506e9dadca8c8362c3ffb52df95e789c0fd10?s=96&d=mm&r=g","height":96,"width":96}},"publisher":{"@type":"Organization","name":"certnakoze.cz","logo":{"@type":"ImageObject","@id":"\/logo.png","url":"\/logo.png","width":600,"height":60}},"image":{"@type":"ImageObject","@id":"https:\/\/www.certnakoze.cz\/wp-content\/uploads\/p%C3%A9%C5%99ov%C3%A9%20pol%C5%A1t%C3%A1%C5%99e_qguFpB.jpg","url":"https:\/\/www.certnakoze.cz\/wp-content\/uploads\/p%C3%A9%C5%99ov%C3%A9%20pol%C5%A1t%C3%A1%C5%99e_qguFpB.jpg","height":0,"width":0},"url":"https:\/\/www.certnakoze.cz\/i-v-lete-pod-perinou\/","about":["Produkty"],"wordCount":444,"articleBody":"           Je celkem p\u0159irozen\u00e9 a logick\u00e9, \u017ee kdy\u017e je zima, tak se \u010dlov\u011bk r\u00e1d p\u0159ikryje teplou dekou nebo po\u0159\u00e1dnou pe\u0159inou. Ale v l\u00e9t\u011b? Kdy\u017e jsou p\u0159\u00edli\u0161 vysok\u00e9 teploty, tak se je\u0161t\u011b p\u0159ikr\u00fdvat? To moc rozum nebere. Leda pokud by se ov\u0161em nejednalo o speci\u00e1ln\u00ed p\u00e9\u0159ov\u00e9 p\u0159ikr\u00fdvky, to u\u017e by byla zcela jin\u00e1 poh\u00e1dka. Mo\u017en\u00e1 st\u00e1le pochybujete, ale to nic nem\u011bn\u00ed od skute\u010dnosti to, \u017ee p\u00e9\u0159ov\u00e9 l\u016f\u017ekoviny pat\u0159\u00ed mezi velmi kvalitn\u00ed a komfortn\u00ed prvek k pohodln\u00e9mu sp\u00e1nku.    izola\u010dn\u00ed schopnost \u2013 to je prvn\u00ed velk\u00e9 plus, kter\u00e9 ukr\u00fdvaj\u00ed p\u0159ikr\u00fdvky, kter\u00e9 jsou vyroben\u00e9 z prav\u00e9ho hus\u00edho pe\u0159\u00ed. Testy skute\u010dn\u011b prok\u00e1zaly, \u017ee takov\u00e9 pe\u0159\u00ed dok\u00e1\u017ee udr\u017eet teplo s minim\u00e1ln\u00ed ztr\u00e1tou. V podstat\u011b se s takov\u00fdm zpracov\u00e1n\u00edm p\u00e9\u0159ov\u00e9 v\u00fdpln\u011b m\u016f\u017eete setkat b\u011b\u017en\u011b u jin\u00fdch produkt\u016f, nap\u0159\u00edklad u spac\u00edch pytl\u016f nebo zimn\u00edch bund. Zkr\u00e1tka si porad\u00ed s extr\u00e9mn\u00edmi podm\u00ednkami, co\u017e je pr\u00e1v\u011b specifick\u00e9 i pro p\u00e9\u0159ov\u00e9 l\u016f\u017ekoviny. pe\u0159\u00ed pohlcuje vlhkost \u2013 a\u010d se to nezd\u00e1, tak pr\u00e1v\u011b kvalitn\u00ed pe\u0159\u00ed pojme a\u017e 5 % vody, ale v podstat\u011b na pohled nebo na dotek nikdo nic nepozn\u00e1. Ono toti\u017e to m\u00e1 je\u0161t\u011b jednu zvl\u00e1\u0161tnost, \u017ee se b\u011bhem dne zase odpa\u0159\u00ed a ani p\u00e9\u0159ov\u00e9 pol\u0161t\u00e1\u0159e nez\u016fstanou viditeln\u011b zm\u011bn\u011bn\u00e9, jednodu\u0161e v\u0161echno bude zase v norm\u00e1ln\u00edch hodnot\u00e1ch. dlouh\u00e1 \u017eivotnost \u2013 nen\u00ed t\u0159eba p\u0159ipom\u00ednat, \u017ee samotn\u00e9 pe\u0159\u00ed je velmi trvanliv\u00e9, a tak lze p\u00e9\u0159ov\u00e9 komplety skute\u010dn\u011b pou\u017e\u00edvat i des\u00edtky let. pe\u0159\u00ed je p\u0159izp\u016fsobiv\u00e9 a p\u0159\u00edjemn\u00e9 \u2013 l\u016f\u017ekoviny se toti\u017e dok\u00e1\u017eou p\u0159izp\u016fsobit k\u0159ivk\u00e1m t\u011bla a rovn\u011b\u017e i pohyb\u016fm. Ne nadarmo se \u0159\u00edk\u00e1, \u017ee jak si \u010dlov\u011bk ustele, tak si i lehne, co\u017e plat\u00ed i v tomto p\u0159\u00edpad\u011b. B\u011bhem sp\u00e1nku se ka\u017ed\u00fd n\u011bkolikr\u00e1t p\u0159evr\u00e1t\u00ed, zm\u011bn\u00ed svoji polohu a nen\u00ed nad to, kdy\u017e se p\u0159ikr\u00fdvka a pol\u0161t\u00e1\u0159 p\u0159izp\u016fsob\u00ed. Pot\u00e9 dokonce nen\u00ed \u0161ance, aby zde proudil studen\u00fd vzduch nebo n\u011bkde n\u011bco tla\u010dilo. Sp\u00e1nek tak bude velmi kvalitn\u00ed.   p\u0159\u00edrodn\u00ed materi\u00e1l \u2013 pe\u0159\u00ed je rozhodn\u011b \u010dist\u011b p\u0159\u00edrodn\u00ed surovina a v kombinaci s bavlnou vytv\u00e1\u0159\u00ed jedine\u010dn\u00e9 spojen\u00ed, kter\u00e9 je vhodn\u00e9 i pro alergick\u00e9 osoby. Za t\u00edm stoj\u00ed ale i kvalitn\u00ed o\u0161et\u0159en\u00ed hus\u00edho pe\u0159\u00ed. snadn\u00e1 \u00fadr\u017eba \u2013 jednodu\u0161e se daj\u00ed p\u00e9\u0159ov\u00e9 komplety vyprat.                                                                                                                                                                                                                                                                                                                                                                                          3.6\/5 - (7 votes)        "},{"@context":"https:\/\/schema.org\/","@type":"BreadcrumbList","itemListElement":[{"@type":"ListItem","position":1,"name":"I v l\u00e9t\u011b pod pe\u0159inou","item":"https:\/\/www.certnakoze.cz\/i-v-lete-pod-perinou\/#breadcrumbitem"}]}]